{"id":1286,"date":"2022-05-02T10:34:34","date_gmt":"2022-05-02T08:34:34","guid":{"rendered":"https:\/\/dassautflash.com\/?p=1286"},"modified":"2024-04-20T13:39:39","modified_gmt":"2024-04-20T11:39:39","slug":"lequipe-dallemangne-au-17e-tour-du-benin","status":"publish","type":"post","link":"https:\/\/dassautflash.com\/index.php\/2022\/05\/02\/lequipe-dallemangne-au-17e-tour-du-benin\/","title":{"rendered":"L&rsquo;\u00e9quipe d&rsquo;Allemangne au 17e Tour du B\u00e9nin"},"content":{"rendered":"\t\t<div data-elementor-type=\"wp-post\" data-elementor-id=\"1286\" class=\"elementor elementor-1286\">\n\t\t\t\t<div class=\"elementor-element elementor-element-720b1b3 e-flex e-con-boxed e-con e-parent\" data-id=\"720b1b3\" data-element_type=\"container\" data-core-v316-plus=\"true\">\n\t\t\t\t\t<div class=\"e-con-inner\">\n\t\t\t\t<div class=\"elementor-element elementor-element-5b09b72 elementor-widget elementor-widget-text-editor\" data-id=\"5b09b72\" data-element_type=\"widget\" data-widget_type=\"text-editor.default\">\n\t\t\t\t<div class=\"elementor-widget-container\">\n\t\t\t<style>\/*! elementor - v3.20.0 - 13-03-2024 *\/\n.elementor-widget-text-editor.elementor-drop-cap-view-stacked .elementor-drop-cap{background-color:#69727d;color:#fff}.elementor-widget-text-editor.elementor-drop-cap-view-framed .elementor-drop-cap{color:#69727d;border:3px solid;background-color:transparent}.elementor-widget-text-editor:not(.elementor-drop-cap-view-default) .elementor-drop-cap{margin-top:8px}.elementor-widget-text-editor:not(.elementor-drop-cap-view-default) .elementor-drop-cap-letter{width:1em;height:1em}.elementor-widget-text-editor .elementor-drop-cap{float:left;text-align:center;line-height:1;font-size:50px}.elementor-widget-text-editor .elementor-drop-cap-letter{display:inline-block}<\/style>\t\t\t\t<p><span style=\"color: rgb(36, 36, 36); font-family: &quot;Fira Sans&quot;, system-ui, -apple-system, &quot;Segoe UI&quot;, Roboto, &quot;Helvetica Neue&quot;, Arial, &quot;Noto Sans&quot;, sans-serif, &quot;Apple Color Emoji&quot;, &quot;Segoe UI Emoji&quot;, &quot;Segoe UI Symbol&quot;, &quot;Noto Color Emoji&quot;; font-size: 15px; font-style: normal; font-variant-ligatures: normal; font-variant-caps: normal; font-weight: 400; background-color: rgb(255, 255, 255);\">Team Embrace The World est une \u00e9quipe Amateur \u2013 \u00c9lite. On y trouve des cyclistes qui font du VTT, Juniors (Dames et Homme). L\u2019objectif principal de cette \u00e9quipe c\u2019est la formation et le&nbsp; d\u00e9veloppement du cyclisme tant en Allemagne qu\u2019en dehors. \u201d Nous sommes l\u00e0, pour participer au Tour&nbsp; mais \u00e9galement pour faire des dons \u00e0 des \u00e9quipes qui en sont dans le besoin.\u201d, nous a confi\u00e9 le directeur sportif de l\u2019\u00e9quipe allemande&nbsp;<\/span><br><\/p>\n<p><span style=\"color: rgb(36, 36, 36); font-family: &quot;Fira Sans&quot;, system-ui, -apple-system, &quot;Segoe UI&quot;, Roboto, &quot;Helvetica Neue&quot;, Arial, &quot;Noto Sans&quot;, sans-serif, &quot;Apple Color Emoji&quot;, &quot;Segoe UI Emoji&quot;, &quot;Segoe UI Symbol&quot;, &quot;Noto Color Emoji&quot;; font-size: 15px; font-style: normal; font-variant-ligatures: normal; font-variant-caps: normal; font-weight: 400; background-color: rgb(255, 255, 255);\">Team Embrace The World participe pour la premi\u00e8re fois au Tour du B\u00e9nin. Mais par le pass\u00e9 sur les Tours de : Burkina, S\u00e9n\u00e9gal, Togo, Rwanda,&nbsp; Maroc, \u00c9gypte, Alg\u00e9rie, Tunisie et \u00c9thiopie. En Asie l\u2019\u00e9curie a roul\u00e9 en:&nbsp; Indon\u00e9sie, Chine,&nbsp; R\u00e9publique Dominicaine,&nbsp; Martinique,&nbsp; Guadeloupe,&nbsp; Guyane, Luxembourg,&nbsp; France, Suisse&nbsp; &nbsp;Belgique et au Pays-Bas.<\/span><span style=\"color: rgb(36, 36, 36); font-family: &quot;Fira Sans&quot;, system-ui, -apple-system, &quot;Segoe UI&quot;, Roboto, &quot;Helvetica Neue&quot;, Arial, &quot;Noto Sans&quot;, sans-serif, &quot;Apple Color Emoji&quot;, &quot;Segoe UI Emoji&quot;, &quot;Segoe UI Symbol&quot;, &quot;Noto Color Emoji&quot;; font-size: 15px; font-style: normal; font-variant-ligatures: normal; font-variant-caps: normal; font-weight: 400; background-color: rgb(255, 255, 255);\"><br><\/span><\/p><p><span style=\"color: rgb(36, 36, 36); font-family: &quot;Fira Sans&quot;, system-ui, -apple-system, &quot;Segoe UI&quot;, Roboto, &quot;Helvetica Neue&quot;, Arial, &quot;Noto Sans&quot;, sans-serif, &quot;Apple Color Emoji&quot;, &quot;Segoe UI Emoji&quot;, &quot;Segoe UI Symbol&quot;, &quot;Noto Color Emoji&quot;; font-size: 15px; font-style: normal; font-variant-ligatures: normal; font-variant-caps: normal; font-weight: 400; background-color: rgb(255, 255, 255);\">Hermann Keller est le sprinter. Il est attendu pour la fin des courses et le Grand Prix de Cotonou. Marcel Peschges est attendu comme le Maillot Jaune (Castel Beer) de l\u2019\u00e9quipe.&nbsp;Anton Benedix et les deux autres seront au service de l\u2019\u00e9quipe.<\/span><span style=\"color: rgb(36, 36, 36); font-family: &quot;Fira Sans&quot;, system-ui, -apple-system, &quot;Segoe UI&quot;, Roboto, &quot;Helvetica Neue&quot;, Arial, &quot;Noto Sans&quot;, sans-serif, &quot;Apple Color Emoji&quot;, &quot;Segoe UI Emoji&quot;, &quot;Segoe UI Symbol&quot;, &quot;Noto Color Emoji&quot;; font-size: 15px; font-style: normal; font-variant-ligatures: normal; font-variant-caps: normal; font-weight: 400; background-color: rgb(255, 255, 255);\"><br><\/span><\/p><p><span style=\"color: rgb(36, 36, 36); font-family: &quot;Fira Sans&quot;, system-ui, -apple-system, &quot;Segoe UI&quot;, Roboto, &quot;Helvetica Neue&quot;, Arial, &quot;Noto Sans&quot;, sans-serif, &quot;Apple Color Emoji&quot;, &quot;Segoe UI Emoji&quot;, &quot;Segoe UI Symbol&quot;, &quot;Noto Color Emoji&quot;; font-size: 15px; font-style: normal; font-variant-ligatures: normal; font-variant-caps: normal; font-weight: 400; background-color: rgb(255, 255, 255);\">Immacul\u00e9e HOUNKPE<\/span><\/p>\t\t\t\t\t\t<\/div>\n\t\t\t\t<\/div>\n\t\t\t\t\t<\/div>\n\t\t\t\t<\/div>\n\t\t\t\t<\/div>\n\t\t","protected":false},"excerpt":{"rendered":"<p>Team Embrace The World est une \u00e9quipe Amateur \u2013 \u00c9lite. On y trouve des cyclistes qui font du VTT, Juniors (Dames et Homme). L\u2019objectif principal de<span class=\"excerpt-hellip\"> [\u2026]<\/span><\/p>\n","protected":false},"author":2,"featured_media":1287,"comment_status":"open","ping_status":"open","sticky":false,"template":"","format":"standard","meta":{"footnotes":""},"categories":[4],"tags":[],"_links":{"self":[{"href":"https:\/\/dassautflash.com\/index.php\/wp-json\/wp\/v2\/posts\/1286"}],"collection":[{"href":"https:\/\/dassautflash.com\/index.php\/wp-json\/wp\/v2\/posts"}],"about":[{"href":"https:\/\/dassautflash.com\/index.php\/wp-json\/wp\/v2\/types\/post"}],"author":[{"embeddable":true,"href":"https:\/\/dassautflash.com\/index.php\/wp-json\/wp\/v2\/users\/2"}],"replies":[{"embeddable":true,"href":"https:\/\/dassautflash.com\/index.php\/wp-json\/wp\/v2\/comments?post=1286"}],"version-history":[{"count":4,"href":"https:\/\/dassautflash.com\/index.php\/wp-json\/wp\/v2\/posts\/1286\/revisions"}],"predecessor-version":[{"id":1292,"href":"https:\/\/dassautflash.com\/index.php\/wp-json\/wp\/v2\/posts\/1286\/revisions\/1292"}],"wp:featuredmedia":[{"embeddable":true,"href":"https:\/\/dassautflash.com\/index.php\/wp-json\/wp\/v2\/media\/1287"}],"wp:attachment":[{"href":"https:\/\/dassautflash.com\/index.php\/wp-json\/wp\/v2\/media?parent=1286"}],"wp:term":[{"taxonomy":"category","embeddable":true,"href":"https:\/\/dassautflash.com\/index.php\/wp-json\/wp\/v2\/categories?post=1286"},{"taxonomy":"post_tag","embeddable":true,"href":"https:\/\/dassautflash.com\/index.php\/wp-json\/wp\/v2\/tags?post=1286"}],"curies":[{"name":"wp","href":"https:\/\/api.w.org\/{rel}","templated":true}]}}