{"id":2703,"date":"2024-07-02T17:38:53","date_gmt":"2024-07-02T15:38:53","guid":{"rendered":"https:\/\/dassautflash.com\/?p=2703"},"modified":"2024-07-02T17:41:08","modified_gmt":"2024-07-02T15:41:08","slug":"la-conmebol-copa-america-celebre-son-108e-anniversaire-aujourdhui","status":"publish","type":"post","link":"https:\/\/dassautflash.com\/index.php\/2024\/07\/02\/la-conmebol-copa-america-celebre-son-108e-anniversaire-aujourdhui\/","title":{"rendered":"La CONMEBOL Copa Am\u00e9rica c\u00e9l\u00e8bre son 108e anniversaire aujourd&rsquo;hui !"},"content":{"rendered":"\t\t<div data-elementor-type=\"wp-post\" data-elementor-id=\"2703\" class=\"elementor elementor-2703\">\n\t\t\t\t<div class=\"elementor-element elementor-element-720b1b3 e-flex e-con-boxed e-con e-parent\" data-id=\"720b1b3\" data-element_type=\"container\" data-core-v316-plus=\"true\">\n\t\t\t\t\t<div class=\"e-con-inner\">\n\t\t\t\t<div class=\"elementor-element elementor-element-5b09b72 elementor-widget elementor-widget-text-editor\" data-id=\"5b09b72\" data-element_type=\"widget\" data-widget_type=\"text-editor.default\">\n\t\t\t\t<div class=\"elementor-widget-container\">\n\t\t\t<style>\/*! elementor - v3.20.0 - 13-03-2024 *\/\n.elementor-widget-text-editor.elementor-drop-cap-view-stacked .elementor-drop-cap{background-color:#69727d;color:#fff}.elementor-widget-text-editor.elementor-drop-cap-view-framed .elementor-drop-cap{color:#69727d;border:3px solid;background-color:transparent}.elementor-widget-text-editor:not(.elementor-drop-cap-view-default) .elementor-drop-cap{margin-top:8px}.elementor-widget-text-editor:not(.elementor-drop-cap-view-default) .elementor-drop-cap-letter{width:1em;height:1em}.elementor-widget-text-editor .elementor-drop-cap{float:left;text-align:center;line-height:1;font-size:50px}.elementor-widget-text-editor .elementor-drop-cap-letter{display:inline-block}<\/style>\t\t\t\t<p>La CONMEBOL Copa Am\u00e9rica c\u00e9l\u00e8bre son 108e anniversaire aujourd&rsquo;hui, marquant plus d&rsquo;un si\u00e8cle d&rsquo;histoire et de passion pour le football en Am\u00e9rique du Sud. Depuis sa cr\u00e9ation en 1916, ce tournoi embl\u00e9matique a r\u00e9uni les meilleures \u00e9quipes du continent, offrant des moments inoubliables aux fans et aux joueurs.&nbsp;<\/p><p><br><\/p><p>Au fil des d\u00e9cennies, la Copa Am\u00e9rica a vu \u00e9merger de nombreuses l\u00e9gendes du football, de Pel\u00e9 \u00e0 Maradona, en passant par Messi et Neymar. Chaque \u00e9dition a \u00e9t\u00e9 t\u00e9moin de matchs \u00e9piques, de rivalit\u00e9s intenses et de prouesses techniques qui ont marqu\u00e9 l&rsquo;histoire du sport.&nbsp;<\/p><p><br><\/p><p>Cette c\u00e9l\u00e9bration de 108 ans est l&rsquo;occasion de revenir sur les moments forts qui ont fa\u00e7onn\u00e9 ce tournoi. Des premi\u00e8res victoires de l&rsquo;Uruguay et de l&rsquo;Argentine aux r\u00e9cents triomphes du Br\u00e9sil, la Copa Am\u00e9rica a toujours \u00e9t\u00e9 un terrain de jeu pour les grands exploits. Les fans du monde entier se rappellent avec \u00e9motion les buts m\u00e9morables, les arr\u00eats spectaculaires et les c\u00e9l\u00e9brations euphorisantes.<\/p><p><br><\/p><p>La CONMEBOL, organisatrice du tournoi, souligne l&rsquo;importance de la Copa Am\u00e9rica dans la promotion du football en Am\u00e9rique du Sud et au-del\u00e0. Cette comp\u00e9tition a non seulement \u00e9lev\u00e9 le niveau du jeu sur le continent, mais elle a aussi renforc\u00e9 les liens culturels et sociaux entre les pays participants.&nbsp;<\/p><p><br><\/p><p>Aujourd&rsquo;hui, alors que la Copa Am\u00e9rica souffle ses 108 bougies, les regards sont d\u00e9j\u00e0 tourn\u00e9s vers l&rsquo;avenir. Les jeunes talents \u00e9mergent, pr\u00eats \u00e0 \u00e9crire leur propre chapitre dans l&rsquo;histoire de ce tournoi prestigieux. Les pr\u00e9paratifs pour les futures \u00e9ditions sont en cours, avec l&rsquo;ambition de rendre chaque tournoi encore plus spectaculaire et m\u00e9morable.<\/p><p><br><\/p><p>En c\u00e9l\u00e9brant cet anniversaire, la CONMEBOL et les amateurs de football du monde entier rendent hommage \u00e0 un tournoi qui a captiv\u00e9 les c\u0153urs et les esprits pendant plus d&rsquo;un si\u00e8cle. La Copa Am\u00e9rica, avec son riche h\u00e9ritage et son avenir prometteur, continue d&rsquo;\u00eatre une v\u00e9ritable f\u00eate du football, c\u00e9l\u00e9brant le talent, la passion et l&rsquo;esprit de comp\u00e9tition qui d\u00e9finissent ce sport magnifique.<\/p>\t\t\t\t\t\t<\/div>\n\t\t\t\t<\/div>\n\t\t\t\t\t<\/div>\n\t\t\t\t<\/div>\n\t\t\t\t<\/div>\n\t\t","protected":false},"excerpt":{"rendered":"<p>La CONMEBOL Copa Am\u00e9rica c\u00e9l\u00e8bre son 108e anniversaire aujourd&rsquo;hui, marquant plus d&rsquo;un si\u00e8cle d&rsquo;histoire et de passion pour le football en Am\u00e9rique du Sud. Depuis sa<span class=\"excerpt-hellip\"> [\u2026]<\/span><\/p>\n","protected":false},"author":2,"featured_media":2705,"comment_status":"open","ping_status":"open","sticky":false,"template":"","format":"standard","meta":{"footnotes":""},"categories":[4],"tags":[],"_links":{"self":[{"href":"https:\/\/dassautflash.com\/index.php\/wp-json\/wp\/v2\/posts\/2703"}],"collection":[{"href":"https:\/\/dassautflash.com\/index.php\/wp-json\/wp\/v2\/posts"}],"about":[{"href":"https:\/\/dassautflash.com\/index.php\/wp-json\/wp\/v2\/types\/post"}],"author":[{"embeddable":true,"href":"https:\/\/dassautflash.com\/index.php\/wp-json\/wp\/v2\/users\/2"}],"replies":[{"embeddable":true,"href":"https:\/\/dassautflash.com\/index.php\/wp-json\/wp\/v2\/comments?post=2703"}],"version-history":[{"count":4,"href":"https:\/\/dassautflash.com\/index.php\/wp-json\/wp\/v2\/posts\/2703\/revisions"}],"predecessor-version":[{"id":2710,"href":"https:\/\/dassautflash.com\/index.php\/wp-json\/wp\/v2\/posts\/2703\/revisions\/2710"}],"wp:featuredmedia":[{"embeddable":true,"href":"https:\/\/dassautflash.com\/index.php\/wp-json\/wp\/v2\/media\/2705"}],"wp:attachment":[{"href":"https:\/\/dassautflash.com\/index.php\/wp-json\/wp\/v2\/media?parent=2703"}],"wp:term":[{"taxonomy":"category","embeddable":true,"href":"https:\/\/dassautflash.com\/index.php\/wp-json\/wp\/v2\/categories?post=2703"},{"taxonomy":"post_tag","embeddable":true,"href":"https:\/\/dassautflash.com\/index.php\/wp-json\/wp\/v2\/tags?post=2703"}],"curies":[{"name":"wp","href":"https:\/\/api.w.org\/{rel}","templated":true}]}}